{"id":349,"date":"2026-03-16T19:24:31","date_gmt":"2026-03-16T18:24:31","guid":{"rendered":"https:\/\/wiesengrund-ev.de\/?p=349"},"modified":"2026-03-16T19:24:31","modified_gmt":"2026-03-16T18:24:31","slug":"wann-wird-das-wasser-an-abgestellt","status":"publish","type":"post","link":"https:\/\/wiesengrund-ev.de\/?p=349","title":{"rendered":"Wann wird das Wasser an-\/abgestellt?"},"content":{"rendered":"\n<p>Bevor mit dem ersten starken Frost zu rechnen ist, wird in der Kleingartenanlage das Wasser \u00fcber die Wintermonate abgestellt.<\/p>\n\n\n\n<p>Sobald nicht mehr mit starkem Frost gerechnet werden muss, stellen wir das Wasser wieder an, sofern es \u00fcber den Winter nicht zu gr\u00f6\u00dferen Sch\u00e4den am Leitungssystem gekommen ist, die vorab Instand gesetzt werden m\u00fcssen.<\/p>\n\n\n\n<p>Die jeweiligen Termine werden hier im Bereich &#8222;Aktuelles&#8220;, unter &#8222;Der Verein \/ Termine&#8220; sowie in den Schauk\u00e4sten bekanntgegeben.<\/p>\n\n\n\n<p><\/p>\n","protected":false},"excerpt":{"rendered":"<p>Bevor mit dem ersten starken Frost zu rechnen ist, wird in der Kleingartenanlage das Wasser \u00fcber die Wintermonate abgestellt. Sobald nicht mehr mit starkem Frost gerechnet werden muss, stellen wir das Wasser wieder an, sofern es \u00fcber den Winter nicht zu gr\u00f6\u00dferen Sch\u00e4den am Leitungssystem gekommen ist, die vorab Instand gesetzt werden m\u00fcssen. Die jeweiligen [&hellip;]<\/p>\n","protected":false},"author":1,"featured_media":0,"comment_status":"open","ping_status":"open","sticky":false,"template":"","format":"standard","meta":{"footnotes":""},"categories":[16],"tags":[],"class_list":["post-349","post","type-post","status-publish","format-standard","hentry","category-faq"],"_links":{"self":[{"href":"https:\/\/wiesengrund-ev.de\/index.php?rest_route=\/wp\/v2\/posts\/349","targetHints":{"allow":["GET"]}}],"collection":[{"href":"https:\/\/wiesengrund-ev.de\/index.php?rest_route=\/wp\/v2\/posts"}],"about":[{"href":"https:\/\/wiesengrund-ev.de\/index.php?rest_route=\/wp\/v2\/types\/post"}],"author":[{"embeddable":true,"href":"https:\/\/wiesengrund-ev.de\/index.php?rest_route=\/wp\/v2\/users\/1"}],"replies":[{"embeddable":true,"href":"https:\/\/wiesengrund-ev.de\/index.php?rest_route=%2Fwp%2Fv2%2Fcomments&post=349"}],"version-history":[{"count":1,"href":"https:\/\/wiesengrund-ev.de\/index.php?rest_route=\/wp\/v2\/posts\/349\/revisions"}],"predecessor-version":[{"id":350,"href":"https:\/\/wiesengrund-ev.de\/index.php?rest_route=\/wp\/v2\/posts\/349\/revisions\/350"}],"wp:attachment":[{"href":"https:\/\/wiesengrund-ev.de\/index.php?rest_route=%2Fwp%2Fv2%2Fmedia&parent=349"}],"wp:term":[{"taxonomy":"category","embeddable":true,"href":"https:\/\/wiesengrund-ev.de\/index.php?rest_route=%2Fwp%2Fv2%2Fcategories&post=349"},{"taxonomy":"post_tag","embeddable":true,"href":"https:\/\/wiesengrund-ev.de\/index.php?rest_route=%2Fwp%2Fv2%2Ftags&post=349"}],"curies":[{"name":"wp","href":"https:\/\/api.w.org\/{rel}","templated":true}]}}