{"id":339,"date":"2026-03-16T19:21:31","date_gmt":"2026-03-16T18:21:31","guid":{"rendered":"https:\/\/wiesengrund-ev.de\/?p=339"},"modified":"2026-03-16T19:21:31","modified_gmt":"2026-03-16T18:21:31","slug":"darf-ich-bienen-in-meinem-garten-halten-imkern","status":"publish","type":"post","link":"https:\/\/wiesengrund-ev.de\/?p=339","title":{"rendered":"Darf ich Bienen in meinem Garten halten\/imkern?"},"content":{"rendered":"\n<p>Die Bienenhaltung wird in allen Kleingartenanlagen gef\u00f6rdert.<\/p>\n\n\n\n<p>Bienenest\u00e4nde sollten bevorzugt am Rande der Kleingartenanlage aufgestellt werden.<\/p>\n\n\n\n<p>Eine Anh\u00f6rung der Nachbarn ist vorab vorzunehmen. Bei Bedarf sollte ein Sachverst\u00e4ndiger konsultiert werden.<\/p>\n\n\n\n<p>Ausnahmen f\u00fcr die Bienenhaltung in Kleing\u00e4rten sind nur auf der Grundlage eines Vereinsbeschlusses und mit Zustimmung des Verp\u00e4chters m\u00f6glich.<\/p>\n\n\n\n<p><\/p>\n","protected":false},"excerpt":{"rendered":"<p>Die Bienenhaltung wird in allen Kleingartenanlagen gef\u00f6rdert. Bienenest\u00e4nde sollten bevorzugt am Rande der Kleingartenanlage aufgestellt werden. Eine Anh\u00f6rung der Nachbarn ist vorab vorzunehmen. Bei Bedarf sollte ein Sachverst\u00e4ndiger konsultiert werden. Ausnahmen f\u00fcr die Bienenhaltung in Kleing\u00e4rten sind nur auf der Grundlage eines Vereinsbeschlusses und mit Zustimmung des Verp\u00e4chters m\u00f6glich.<\/p>\n","protected":false},"author":1,"featured_media":0,"comment_status":"open","ping_status":"open","sticky":false,"template":"","format":"standard","meta":{"footnotes":""},"categories":[16],"tags":[],"class_list":["post-339","post","type-post","status-publish","format-standard","hentry","category-faq"],"_links":{"self":[{"href":"https:\/\/wiesengrund-ev.de\/index.php?rest_route=\/wp\/v2\/posts\/339","targetHints":{"allow":["GET"]}}],"collection":[{"href":"https:\/\/wiesengrund-ev.de\/index.php?rest_route=\/wp\/v2\/posts"}],"about":[{"href":"https:\/\/wiesengrund-ev.de\/index.php?rest_route=\/wp\/v2\/types\/post"}],"author":[{"embeddable":true,"href":"https:\/\/wiesengrund-ev.de\/index.php?rest_route=\/wp\/v2\/users\/1"}],"replies":[{"embeddable":true,"href":"https:\/\/wiesengrund-ev.de\/index.php?rest_route=%2Fwp%2Fv2%2Fcomments&post=339"}],"version-history":[{"count":1,"href":"https:\/\/wiesengrund-ev.de\/index.php?rest_route=\/wp\/v2\/posts\/339\/revisions"}],"predecessor-version":[{"id":340,"href":"https:\/\/wiesengrund-ev.de\/index.php?rest_route=\/wp\/v2\/posts\/339\/revisions\/340"}],"wp:attachment":[{"href":"https:\/\/wiesengrund-ev.de\/index.php?rest_route=%2Fwp%2Fv2%2Fmedia&parent=339"}],"wp:term":[{"taxonomy":"category","embeddable":true,"href":"https:\/\/wiesengrund-ev.de\/index.php?rest_route=%2Fwp%2Fv2%2Fcategories&post=339"},{"taxonomy":"post_tag","embeddable":true,"href":"https:\/\/wiesengrund-ev.de\/index.php?rest_route=%2Fwp%2Fv2%2Ftags&post=339"}],"curies":[{"name":"wp","href":"https:\/\/api.w.org\/{rel}","templated":true}]}}