{"id":331,"date":"2026-03-16T19:19:13","date_gmt":"2026-03-16T18:19:13","guid":{"rendered":"https:\/\/wiesengrund-ev.de\/?p=331"},"modified":"2026-03-16T19:19:13","modified_gmt":"2026-03-16T18:19:13","slug":"wie-hoch-darf-meine-hecke-sein","status":"publish","type":"post","link":"https:\/\/wiesengrund-ev.de\/?p=331","title":{"rendered":"Wie hoch darf meine Hecke sein?"},"content":{"rendered":"\n<p>An Hauptwegen sind geschnittene Hekcen mit einer maximalen H\u00f6he von 1,8 m und 0,5 m Breite, an Zwischenwegen mit einer maximalen H\u00f6he von 1,5 m und am Au\u00dfenzaun mit einer maximalen H\u00f6he von 2,5 m gestattet.<\/p>\n\n\n\n<p>Hecken zwischen den G\u00e4rten sind mit einer maximalen H\u00f6he von 1,0 m zul\u00e4ssig.<\/p>\n","protected":false},"excerpt":{"rendered":"<p>An Hauptwegen sind geschnittene Hekcen mit einer maximalen H\u00f6he von 1,8 m und 0,5 m Breite, an Zwischenwegen mit einer maximalen H\u00f6he von 1,5 m und am Au\u00dfenzaun mit einer maximalen H\u00f6he von 2,5 m gestattet. Hecken zwischen den G\u00e4rten sind mit einer maximalen H\u00f6he von 1,0 m zul\u00e4ssig.<\/p>\n","protected":false},"author":1,"featured_media":0,"comment_status":"open","ping_status":"open","sticky":false,"template":"","format":"standard","meta":{"footnotes":""},"categories":[16],"tags":[],"class_list":["post-331","post","type-post","status-publish","format-standard","hentry","category-faq"],"_links":{"self":[{"href":"https:\/\/wiesengrund-ev.de\/index.php?rest_route=\/wp\/v2\/posts\/331","targetHints":{"allow":["GET"]}}],"collection":[{"href":"https:\/\/wiesengrund-ev.de\/index.php?rest_route=\/wp\/v2\/posts"}],"about":[{"href":"https:\/\/wiesengrund-ev.de\/index.php?rest_route=\/wp\/v2\/types\/post"}],"author":[{"embeddable":true,"href":"https:\/\/wiesengrund-ev.de\/index.php?rest_route=\/wp\/v2\/users\/1"}],"replies":[{"embeddable":true,"href":"https:\/\/wiesengrund-ev.de\/index.php?rest_route=%2Fwp%2Fv2%2Fcomments&post=331"}],"version-history":[{"count":1,"href":"https:\/\/wiesengrund-ev.de\/index.php?rest_route=\/wp\/v2\/posts\/331\/revisions"}],"predecessor-version":[{"id":332,"href":"https:\/\/wiesengrund-ev.de\/index.php?rest_route=\/wp\/v2\/posts\/331\/revisions\/332"}],"wp:attachment":[{"href":"https:\/\/wiesengrund-ev.de\/index.php?rest_route=%2Fwp%2Fv2%2Fmedia&parent=331"}],"wp:term":[{"taxonomy":"category","embeddable":true,"href":"https:\/\/wiesengrund-ev.de\/index.php?rest_route=%2Fwp%2Fv2%2Fcategories&post=331"},{"taxonomy":"post_tag","embeddable":true,"href":"https:\/\/wiesengrund-ev.de\/index.php?rest_route=%2Fwp%2Fv2%2Ftags&post=331"}],"curies":[{"name":"wp","href":"https:\/\/api.w.org\/{rel}","templated":true}]}}