{"id":299,"date":"2026-03-16T19:06:41","date_gmt":"2026-03-16T18:06:41","guid":{"rendered":"https:\/\/wiesengrund-ev.de\/?p=299"},"modified":"2026-03-16T19:08:34","modified_gmt":"2026-03-16T18:08:34","slug":"ich-moechte-einen-garten-pachten-was-muss-ich-tun","status":"publish","type":"post","link":"https:\/\/wiesengrund-ev.de\/?p=299","title":{"rendered":"Ich m\u00f6chte einen Garten pachten. Was muss ich tun?"},"content":{"rendered":"\n<p>Wir freuen uns \u00fcber Dein Interesse, P\u00e4chterIn in unserer Kleingartenanlage zu werden. Sofern Du bereits eine Parzelle ins Auge gefasst hast, geht es nun wie folgt weiter:<\/p>\n\n\n\n<ul class=\"wp-block-list\">\n<li>Lade Dir einen\u00a0Selbstauskunftsbogen\u00a0und einen\u00a0Aufnahmeantrag\u00a0herunter<\/li>\n\n\n\n<li>F\u00fclle beides wahrheitsgem\u00e4\u00df aus und bringe bzw. sende uns diese Unterlagen zur\u00fcck<\/li>\n\n\n\n<li>Nach Annahme des Vertrags durch den Vorstand sowie die erfolgte Zahlung der Aufnahmegeb\u00fchr, wird der Pachtvertrag wirksam<\/li>\n<\/ul>\n\n\n\n<p><\/p>\n\n\n\n<p>Prinzipiell verfolgt der Vorstand das Ziel, dass alle P\u00e4chterInnen in der Lage und auch Willens sind, ihren Kleingarten in einem satzungsgerechten Zustand zu bewirtschaften und sich harmonisch in das Vereinsleben einzubringen.<\/p>\n\n\n\n<p>Download:\u00a0Checkliste Gartenverkauf \/ Garten\u00fcbernahme<\/p>\n\n\n\n<hr class=\"wp-block-separator has-alpha-channel-opacity\" style=\"margin-top:var(--wp--preset--spacing--40);margin-bottom:var(--wp--preset--spacing--40)\"\/>\n\n\n\n<h2 class=\"wp-block-heading\" style=\"margin-top:var(--wp--preset--spacing--30);margin-bottom:var(--wp--preset--spacing--30)\">Dokumente zum Download<\/h2>\n\n\n\n<div class=\"wp-block-file\" style=\"margin-top:0;margin-bottom:0;padding-top:var(--wp--preset--spacing--20);padding-bottom:var(--wp--preset--spacing--20)\"><a id=\"wp-block-file--media-f40229ae-d073-4d5d-bcda-467fe49182f3\" href=\"https:\/\/wiesengrund-ev.de\/wp-content\/uploads\/2026\/03\/Vertrauliche-Selbstauskunft.pdf\" target=\"_blank\" rel=\"noreferrer noopener\">Vertrauliche Selbstauskunft<\/a><\/div>\n\n\n\n<div class=\"wp-block-file\" style=\"padding-top:var(--wp--preset--spacing--20);padding-bottom:var(--wp--preset--spacing--20)\"><a id=\"wp-block-file--media-618ed60a-1701-4715-8ebc-013b45ca4208\" href=\"https:\/\/wiesengrund-ev.de\/wp-content\/uploads\/2026\/03\/Aufnahmeantrag-Kleingartenanlage-Wiesengrund.pdf\" target=\"_blank\" rel=\"noreferrer noopener\">Aufnahmeantrag Kleingartenanlage Wiesengrund<\/a><\/div>\n\n\n\n<div class=\"wp-block-file\" style=\"padding-top:var(--wp--preset--spacing--20);padding-bottom:var(--wp--preset--spacing--20)\"><a id=\"wp-block-file--media-6c1939d7-9a44-4dcb-a014-9ab7f62cca5c\" href=\"http:\/\/wiesengrund-ev.de\/wp-content\/uploads\/2026\/03\/Informationen-zum-Paechterwechsel.pdf\" target=\"_blank\" rel=\"noreferrer noopener\">Informationen zum P\u00e4chterwechsel<\/a><\/div>\n\n\n\n<p><\/p>\n","protected":false},"excerpt":{"rendered":"<p>Wir freuen uns \u00fcber Dein Interesse, P\u00e4chterIn in unserer Kleingartenanlage zu werden. Sofern Du bereits eine Parzelle ins Auge gefasst hast, geht es nun wie folgt weiter: Prinzipiell verfolgt der Vorstand das Ziel, dass alle P\u00e4chterInnen in der Lage und auch Willens sind, ihren Kleingarten in einem satzungsgerechten Zustand zu bewirtschaften und sich harmonisch in [&hellip;]<\/p>\n","protected":false},"author":1,"featured_media":0,"comment_status":"open","ping_status":"open","sticky":false,"template":"","format":"standard","meta":{"footnotes":""},"categories":[16],"tags":[],"class_list":["post-299","post","type-post","status-publish","format-standard","hentry","category-faq"],"_links":{"self":[{"href":"https:\/\/wiesengrund-ev.de\/index.php?rest_route=\/wp\/v2\/posts\/299","targetHints":{"allow":["GET"]}}],"collection":[{"href":"https:\/\/wiesengrund-ev.de\/index.php?rest_route=\/wp\/v2\/posts"}],"about":[{"href":"https:\/\/wiesengrund-ev.de\/index.php?rest_route=\/wp\/v2\/types\/post"}],"author":[{"embeddable":true,"href":"https:\/\/wiesengrund-ev.de\/index.php?rest_route=\/wp\/v2\/users\/1"}],"replies":[{"embeddable":true,"href":"https:\/\/wiesengrund-ev.de\/index.php?rest_route=%2Fwp%2Fv2%2Fcomments&post=299"}],"version-history":[{"count":5,"href":"https:\/\/wiesengrund-ev.de\/index.php?rest_route=\/wp\/v2\/posts\/299\/revisions"}],"predecessor-version":[{"id":306,"href":"https:\/\/wiesengrund-ev.de\/index.php?rest_route=\/wp\/v2\/posts\/299\/revisions\/306"}],"wp:attachment":[{"href":"https:\/\/wiesengrund-ev.de\/index.php?rest_route=%2Fwp%2Fv2%2Fmedia&parent=299"}],"wp:term":[{"taxonomy":"category","embeddable":true,"href":"https:\/\/wiesengrund-ev.de\/index.php?rest_route=%2Fwp%2Fv2%2Fcategories&post=299"},{"taxonomy":"post_tag","embeddable":true,"href":"https:\/\/wiesengrund-ev.de\/index.php?rest_route=%2Fwp%2Fv2%2Ftags&post=299"}],"curies":[{"name":"wp","href":"https:\/\/api.w.org\/{rel}","templated":true}]}}