{"id":297,"date":"2026-03-16T19:01:10","date_gmt":"2026-03-16T18:01:10","guid":{"rendered":"https:\/\/wiesengrund-ev.de\/?p=297"},"modified":"2026-03-16T19:01:10","modified_gmt":"2026-03-16T18:01:10","slug":"kann-ich-meinen-garten-als-seniorengarten-einstufen-lassen","status":"publish","type":"post","link":"https:\/\/wiesengrund-ev.de\/?p=297","title":{"rendered":"Kann ich meinen Garten als Seniorengarten einstufen lassen?"},"content":{"rendered":"\n<p>Auf Vorschlag des Landesverbandes der Gartenfreunde Mecklenburg und Vorpommern e.V. hat sich das Ministerium f\u00fcr Landwirtschaft, Umwelt und Verbraucherschutz des Landes entschieden, der immer \u00e4lter werdenden Kleing\u00e4rtnerInnengeneration auch noch im hohen Alter und bei erheblichen, gesundheitlichen Beeintr\u00e4chtigungen die Bewirtschaftung ihrer Parzellen als \u201eSeniorengarten\u201c zu erm\u00f6glichen.<\/p>\n\n\n\n<p>Der Status \u201eSeniorengarten\u201c wird auf schriftlichen Antrag an den Vorstand der Anlage gew\u00e4hrt. Dabei handelt es sich stets um Einzelfallentscheidungen.<\/p>\n\n\n\n<p>Der Status \u201eSeniorengarten\u201c kann an P\u00e4chter vergeben werden, bei denen k\u00f6rperliche und gesundheitliche Beeintr\u00e4chtigungen bestehen, die eine kleing\u00e4rtnerische Bewirtschaftung im Sinne des Pachtvertrages und der \u201cRichtlinie \u00fcber die kleing\u00e4rtnerische Gemeinn\u00fctzigkeit\u201c in vollem Umfang nicht mehr zulassen. Bei zwei P\u00e4chtern in einem Garten m\u00fcssen beide P\u00e4chterInnen die Bedingungen erf\u00fcllen.<\/p>\n\n\n\n<p>Der Status \u201eSeniorengarten\u201c kann auch an P\u00e4chter vergeben werden deren gesundheitlicher Zustand f\u00fcr einen l\u00e4ngeren Zeitraum erheblich beeintr\u00e4chtigt ist und dadurch eine allseitige kleing\u00e4rtnerische Nutzung und Bewirtschaftung nicht mehr gew\u00e4hrleistet ist.&nbsp;&nbsp;&nbsp;&nbsp;&nbsp;&nbsp;&nbsp;&nbsp;&nbsp;&nbsp;&nbsp;&nbsp;&nbsp;&nbsp;&nbsp;&nbsp;&nbsp;&nbsp;&nbsp;&nbsp;&nbsp;&nbsp;&nbsp;&nbsp;&nbsp;&nbsp;&nbsp;&nbsp;&nbsp;&nbsp;&nbsp;&nbsp;&nbsp;&nbsp;&nbsp;&nbsp;&nbsp;&nbsp;&nbsp;&nbsp;&nbsp;&nbsp;&nbsp;&nbsp;&nbsp;&nbsp; &nbsp;&nbsp;&nbsp;&nbsp;&nbsp;&nbsp;&nbsp;&nbsp;&nbsp;&nbsp;&nbsp;&nbsp;&nbsp;&nbsp;&nbsp;&nbsp;&nbsp;&nbsp;&nbsp;&nbsp;&nbsp;&nbsp;&nbsp;&nbsp;&nbsp;&nbsp;&nbsp;&nbsp;&nbsp;&nbsp;&nbsp;&nbsp;&nbsp;&nbsp;&nbsp;&nbsp;&nbsp;&nbsp;&nbsp;&nbsp;&nbsp;&nbsp;&nbsp;&nbsp;&nbsp;&nbsp;&nbsp;&nbsp;&nbsp;&nbsp;&nbsp;&nbsp;&nbsp;&nbsp;&nbsp;&nbsp;&nbsp;&nbsp;&nbsp;&nbsp;&nbsp;&nbsp;&nbsp;&nbsp;&nbsp;&nbsp;&nbsp;&nbsp;&nbsp;<\/p>\n\n\n\n<p>Der Status \u201eSeniorengarten\u201c wird j\u00e4hrlich durch den Vorstand der Anlage neu begutachtet. Die Behinderung der antragstellenden Person muss mindestens 70 % betragen und er\/sie muss 75 Jahre alt sein.<\/p>\n\n\n\n<p>G\u00e4rten, die den Status \u201eSeniorengarten\u201c tragen, unterliegen nicht der Drittelregelung gem\u00e4\u00df der \u201eRichtlinie \u00fcber die kleing\u00e4rtnerische Gemeinn\u00fctzigkeit und finden bei der Beurteilung der Kleingartenanlage \u00fcber die \u201eKleing\u00e4rtnerische Gemeinn\u00fctzigkeit\u201c keine Ber\u00fccksichtigung.<\/p>\n\n\n\n<p>Die Kennzeichnung eines Seniorengartens erfolgt mittels einer Plakette.<\/p>\n\n\n\n<p>Bei Neuverpachtung der Parzelle entf\u00e4llt der Status \u201eSeniorengarten\u201c.<\/p>\n","protected":false},"excerpt":{"rendered":"<p>Auf Vorschlag des Landesverbandes der Gartenfreunde Mecklenburg und Vorpommern e.V. hat sich das Ministerium f\u00fcr Landwirtschaft, Umwelt und Verbraucherschutz des Landes entschieden, der immer \u00e4lter werdenden Kleing\u00e4rtnerInnengeneration auch noch im hohen Alter und bei erheblichen, gesundheitlichen Beeintr\u00e4chtigungen die Bewirtschaftung ihrer Parzellen als \u201eSeniorengarten\u201c zu erm\u00f6glichen. Der Status \u201eSeniorengarten\u201c wird auf schriftlichen Antrag an den Vorstand [&hellip;]<\/p>\n","protected":false},"author":1,"featured_media":0,"comment_status":"open","ping_status":"open","sticky":false,"template":"","format":"standard","meta":{"footnotes":""},"categories":[16],"tags":[],"class_list":["post-297","post","type-post","status-publish","format-standard","hentry","category-faq"],"_links":{"self":[{"href":"https:\/\/wiesengrund-ev.de\/index.php?rest_route=\/wp\/v2\/posts\/297","targetHints":{"allow":["GET"]}}],"collection":[{"href":"https:\/\/wiesengrund-ev.de\/index.php?rest_route=\/wp\/v2\/posts"}],"about":[{"href":"https:\/\/wiesengrund-ev.de\/index.php?rest_route=\/wp\/v2\/types\/post"}],"author":[{"embeddable":true,"href":"https:\/\/wiesengrund-ev.de\/index.php?rest_route=\/wp\/v2\/users\/1"}],"replies":[{"embeddable":true,"href":"https:\/\/wiesengrund-ev.de\/index.php?rest_route=%2Fwp%2Fv2%2Fcomments&post=297"}],"version-history":[{"count":1,"href":"https:\/\/wiesengrund-ev.de\/index.php?rest_route=\/wp\/v2\/posts\/297\/revisions"}],"predecessor-version":[{"id":298,"href":"https:\/\/wiesengrund-ev.de\/index.php?rest_route=\/wp\/v2\/posts\/297\/revisions\/298"}],"wp:attachment":[{"href":"https:\/\/wiesengrund-ev.de\/index.php?rest_route=%2Fwp%2Fv2%2Fmedia&parent=297"}],"wp:term":[{"taxonomy":"category","embeddable":true,"href":"https:\/\/wiesengrund-ev.de\/index.php?rest_route=%2Fwp%2Fv2%2Fcategories&post=297"},{"taxonomy":"post_tag","embeddable":true,"href":"https:\/\/wiesengrund-ev.de\/index.php?rest_route=%2Fwp%2Fv2%2Ftags&post=297"}],"curies":[{"name":"wp","href":"https:\/\/api.w.org\/{rel}","templated":true}]}}