{"id":286,"date":"2026-03-16T18:49:28","date_gmt":"2026-03-16T17:49:28","guid":{"rendered":"https:\/\/wiesengrund-ev.de\/?p=286"},"modified":"2026-03-16T18:49:28","modified_gmt":"2026-03-16T17:49:28","slug":"kann-ich-cannabis-in-meinem-kleingarten-anbauen","status":"publish","type":"post","link":"https:\/\/wiesengrund-ev.de\/?p=286","title":{"rendered":"Kann ich Cannabis in meinem Kleingarten anbauen?"},"content":{"rendered":"\n<p>Das Wichtigste vorab: Der private Anbau von Cannabis im Bereich von Kleingartenanlagen ist auch nach Inkrafttreten des CanG grunds\u00e4tzlich nicht erlaubt. Der Anbau der vielzitierten 3 Pflanzen ist n\u00e4mlich lediglich im Bereich der Wohnung bzw. des gew\u00f6hnlichen Aufenthalts erlaubt. Beides ist im Kleingarten nicht zul\u00e4ssig, au\u00dfer bei bestandsgesch\u00fctzter Wohnnutzung (nach \u00a718 (2) bzw. \u00a720a (8) BKleingG), welche in unserer Kleingartenanlage nicht gegeben ist.<\/p>\n","protected":false},"excerpt":{"rendered":"<p>Das Wichtigste vorab: Der private Anbau von Cannabis im Bereich von Kleingartenanlagen ist auch nach Inkrafttreten des CanG grunds\u00e4tzlich nicht erlaubt. Der Anbau der vielzitierten 3 Pflanzen ist n\u00e4mlich lediglich im Bereich der Wohnung bzw. des gew\u00f6hnlichen Aufenthalts erlaubt. Beides ist im Kleingarten nicht zul\u00e4ssig, au\u00dfer bei bestandsgesch\u00fctzter Wohnnutzung (nach \u00a718 (2) bzw. \u00a720a (8) [&hellip;]<\/p>\n","protected":false},"author":1,"featured_media":0,"comment_status":"open","ping_status":"open","sticky":false,"template":"","format":"standard","meta":{"footnotes":""},"categories":[16],"tags":[],"class_list":["post-286","post","type-post","status-publish","format-standard","hentry","category-faq"],"_links":{"self":[{"href":"https:\/\/wiesengrund-ev.de\/index.php?rest_route=\/wp\/v2\/posts\/286","targetHints":{"allow":["GET"]}}],"collection":[{"href":"https:\/\/wiesengrund-ev.de\/index.php?rest_route=\/wp\/v2\/posts"}],"about":[{"href":"https:\/\/wiesengrund-ev.de\/index.php?rest_route=\/wp\/v2\/types\/post"}],"author":[{"embeddable":true,"href":"https:\/\/wiesengrund-ev.de\/index.php?rest_route=\/wp\/v2\/users\/1"}],"replies":[{"embeddable":true,"href":"https:\/\/wiesengrund-ev.de\/index.php?rest_route=%2Fwp%2Fv2%2Fcomments&post=286"}],"version-history":[{"count":1,"href":"https:\/\/wiesengrund-ev.de\/index.php?rest_route=\/wp\/v2\/posts\/286\/revisions"}],"predecessor-version":[{"id":287,"href":"https:\/\/wiesengrund-ev.de\/index.php?rest_route=\/wp\/v2\/posts\/286\/revisions\/287"}],"wp:attachment":[{"href":"https:\/\/wiesengrund-ev.de\/index.php?rest_route=%2Fwp%2Fv2%2Fmedia&parent=286"}],"wp:term":[{"taxonomy":"category","embeddable":true,"href":"https:\/\/wiesengrund-ev.de\/index.php?rest_route=%2Fwp%2Fv2%2Fcategories&post=286"},{"taxonomy":"post_tag","embeddable":true,"href":"https:\/\/wiesengrund-ev.de\/index.php?rest_route=%2Fwp%2Fv2%2Ftags&post=286"}],"curies":[{"name":"wp","href":"https:\/\/api.w.org\/{rel}","templated":true}]}}