{"id":280,"date":"2026-03-16T18:42:58","date_gmt":"2026-03-16T17:42:58","guid":{"rendered":"https:\/\/wiesengrund-ev.de\/?p=280"},"modified":"2026-03-16T18:42:58","modified_gmt":"2026-03-16T17:42:58","slug":"ich-moechte-meinen-garten-abgeben-was-muss-ich-dabei-beachten","status":"publish","type":"post","link":"https:\/\/wiesengrund-ev.de\/?p=280","title":{"rendered":"Ich m\u00f6chte meinen Garten abgeben. Was muss ich dabei beachten?"},"content":{"rendered":"\n<p>Wir bedauern, dass Du Deinen Garten abgeben m\u00f6chtest.<\/p>\n\n\n\n<p>Wir weisen explizit darauf hin, dass satzungsgem\u00e4\u00df ein P\u00e4chterwechsel nur unter vorheriger Einbeziehung des Vorstandes erfolgen kann. Es besteht das Risiko, dass der Vorstand sich veranlasst sieht, neuer P\u00e4chterInnen nicht in den Verein aufzunehmen. Prinzipiell verfolgt der Vorstand das Ziel, dass alle P\u00e4chterInnen in der Lage und auch Willens sind, ihren Kleingarten in einem satzungsgerechten Zustand zu bewirtschaften und sich harmonisch in das Vereinsleben einzubringen.<\/p>\n\n\n\n<p>Wir haben Dir an dieser Stelle wichtige Informationen zusammengestellt, damit im Falle des beabsichtigten P\u00e4chterwechsels nichts schief gehen kann.<\/p>\n\n\n\n<p>Wir weisen auch noch einmal gesondert darauf hin, dass im Falle eines P\u00e4chterwechsels die Verpflichtung zur Sch\u00e4tzung des Wertes des Kleingartens durch den Kreisverband besteht. Anfallende Kosten sind durch die\/den aktuellen P\u00e4chter zu tragen. S\u00e4mtliche Anfragen f\u00fcr Wertermittlungen werden ausschlie\u00dflich \u00fcber den Kreisverband Schwerin e.V. abgewickelt. Aus diesem Grund bitten wir, f\u00fcr etwaige Anfragen die folgende Kontaktadresse zu nutzen:\u00a0<a href=\"mailto:info@gartenfreunde-schwerin.de\">info@gartenfreunde-schwerin.de<\/a>\u00a0oder telefonisch unter 0385\/712265. Diese Ma\u00dfnahme dient einer besseren Koordination der Wertermittler und soll erm\u00f6glichen, Termine so zeitnah wie m\u00f6glich anbieten zu k\u00f6nnen.<\/p>\n\n\n\n<p><a href=\"https:\/\/wiesengrund-ev.de\/aaaaaaaaaaaaaaaa\/images\/Downloads\/Info_8-23_1.pdf\">Checkliste Gartenverkauf \/ Garten\u00fcbernahme<\/a><\/p>\n\n\n\n<hr class=\"wp-block-separator has-alpha-channel-opacity\" style=\"margin-top:var(--wp--preset--spacing--40);margin-bottom:var(--wp--preset--spacing--40)\"\/>\n\n\n\n<h2 class=\"wp-block-heading\">Wichtige Dokumente zum Download<\/h2>\n\n\n\n<div class=\"wp-block-file\" style=\"margin-top:var(--wp--preset--spacing--30);margin-bottom:var(--wp--preset--spacing--30)\"><a id=\"wp-block-file--media-c01668c4-6e56-47ff-82d8-7214238f4d9c\" href=\"http:\/\/wiesengrund-ev.de\/wp-content\/uploads\/2026\/03\/Informationen-zum-Paechterwechsel.pdf\" target=\"_blank\" rel=\"noreferrer noopener\">Checkliste Gartenverkauf \/ Garten\u00fcbernahme<\/a><\/div>\n\n\n\n<p><\/p>\n","protected":false},"excerpt":{"rendered":"<p>Wir bedauern, dass Du Deinen Garten abgeben m\u00f6chtest. Wir weisen explizit darauf hin, dass satzungsgem\u00e4\u00df ein P\u00e4chterwechsel nur unter vorheriger Einbeziehung des Vorstandes erfolgen kann. Es besteht das Risiko, dass der Vorstand sich veranlasst sieht, neuer P\u00e4chterInnen nicht in den Verein aufzunehmen. Prinzipiell verfolgt der Vorstand das Ziel, dass alle P\u00e4chterInnen in der Lage und [&hellip;]<\/p>\n","protected":false},"author":1,"featured_media":0,"comment_status":"open","ping_status":"open","sticky":false,"template":"","format":"standard","meta":{"footnotes":""},"categories":[16],"tags":[],"class_list":["post-280","post","type-post","status-publish","format-standard","hentry","category-faq"],"_links":{"self":[{"href":"https:\/\/wiesengrund-ev.de\/index.php?rest_route=\/wp\/v2\/posts\/280","targetHints":{"allow":["GET"]}}],"collection":[{"href":"https:\/\/wiesengrund-ev.de\/index.php?rest_route=\/wp\/v2\/posts"}],"about":[{"href":"https:\/\/wiesengrund-ev.de\/index.php?rest_route=\/wp\/v2\/types\/post"}],"author":[{"embeddable":true,"href":"https:\/\/wiesengrund-ev.de\/index.php?rest_route=\/wp\/v2\/users\/1"}],"replies":[{"embeddable":true,"href":"https:\/\/wiesengrund-ev.de\/index.php?rest_route=%2Fwp%2Fv2%2Fcomments&post=280"}],"version-history":[{"count":1,"href":"https:\/\/wiesengrund-ev.de\/index.php?rest_route=\/wp\/v2\/posts\/280\/revisions"}],"predecessor-version":[{"id":281,"href":"https:\/\/wiesengrund-ev.de\/index.php?rest_route=\/wp\/v2\/posts\/280\/revisions\/281"}],"wp:attachment":[{"href":"https:\/\/wiesengrund-ev.de\/index.php?rest_route=%2Fwp%2Fv2%2Fmedia&parent=280"}],"wp:term":[{"taxonomy":"category","embeddable":true,"href":"https:\/\/wiesengrund-ev.de\/index.php?rest_route=%2Fwp%2Fv2%2Fcategories&post=280"},{"taxonomy":"post_tag","embeddable":true,"href":"https:\/\/wiesengrund-ev.de\/index.php?rest_route=%2Fwp%2Fv2%2Ftags&post=280"}],"curies":[{"name":"wp","href":"https:\/\/api.w.org\/{rel}","templated":true}]}}