{"id":145,"date":"2025-11-04T16:00:00","date_gmt":"2025-11-04T15:00:00","guid":{"rendered":"https:\/\/wiesengrund-ev.de\/wp-wiesengrund-ev\/?p=145"},"modified":"2026-03-15T17:02:49","modified_gmt":"2026-03-15T16:02:49","slug":"unterstuetzung-im-verein","status":"publish","type":"post","link":"https:\/\/wiesengrund-ev.de\/?p=145","title":{"rendered":"Unterst\u00fctzung im Verein"},"content":{"rendered":"\n<p>Wir als Verein ben\u00f6tigen dringend Unterst\u00fctzung im Vorstand.<\/p>\n\n\n\n<p><\/p>\n\n\n\n<p>Lest hier, wo konkret der Bedarf besteht und wo Ihr Euch im Sinne der Gemeinschaft engagieren k\u00f6nnt.<\/p>\n\n\n\n<p><\/p>\n\n\n\n<figure class=\"wp-block-table\"><table class=\"has-fixed-layout\"><tbody><tr><td><strong>Wasserwart oder jemand mit vertieften Kenntnissen<\/strong><\/td><td>Verantwortlichkeit liegt hierbei zum einen beim Wasser an- und abstellen. Aber auch als Ansprechpartner f\u00fcr Fragen rund um das Thema Wasser und Wasserleitung.<\/td><\/tr><tr><td><strong>Elektriker oder jemand mit vertieften Kenntnissen<\/strong><\/td><td>Wir ben\u00f6tigen mehrere H\u00e4nde um das Thema Stromversorgung auf der Koppel und langfristig f\u00fcr den Verein sicherzustellen.<\/td><\/tr><tr><td><strong>Unterst\u00fctzung f\u00fcr den Kassenwart<\/strong><\/td><td>Rechnungserstellung, -pr\u00fcfung oder anderweitige Kenntnisse zum Thema Finanzen werden gerne entgegen genommen. Hierbei wird der bereits vorhandene Kassenwart Christian H. tatkr\u00e4ftig und ganzj\u00e4hrig unterst\u00fctzt.<\/td><\/tr><tr><td><strong>Bereichsleiter*in<\/strong><\/td><td>Alles steht und f\u00e4llt mit einem gut eingeteilten Bereich. Hauptansprechpartner*innen sind hierbei die Bereichsleiter*innen. Folgende Bereiche haben KEINEN Bereichsleiter: 1, 2, 3, 6 und 9<\/td><\/tr><\/tbody><\/table><\/figure>\n\n\n\n<p><\/p>\n\n\n\n<p>Selbstverst\u00e4ndlich wird es Aufwandsentsch\u00e4digungen geben. Wenn Ihr Euch angesprochen f\u00fchlt, meldet Euch bitte umgehend beim Vorstand per E-Mail: <a href=\"mailto:kontakt@wiesengrund-ev.de\">kontakt@wiesengrund-ev.de<\/a>.<\/p>\n\n\n\n<p>Wir bedanken uns bereits jetzt f\u00fcr Eure Bereitschaft uns zu unterst\u00fctzen.<\/p>\n\n\n\n<p>Euer Vorstand<\/p>\n","protected":false},"excerpt":{"rendered":"<p>Wir als Verein ben\u00f6tigen dringend Unterst\u00fctzung im Vorstand. Lest hier, wo konkret der Bedarf besteht und wo Ihr Euch im Sinne der Gemeinschaft engagieren k\u00f6nnt. Wasserwart oder jemand mit vertieften Kenntnissen Verantwortlichkeit liegt hierbei zum einen beim Wasser an- und abstellen. Aber auch als Ansprechpartner f\u00fcr Fragen rund um das Thema Wasser und Wasserleitung. Elektriker [&hellip;]<\/p>\n","protected":false},"author":1,"featured_media":0,"comment_status":"open","ping_status":"open","sticky":false,"template":"","format":"standard","meta":{"footnotes":""},"categories":[1],"tags":[],"class_list":["post-145","post","type-post","status-publish","format-standard","hentry","category-aktuelles"],"_links":{"self":[{"href":"https:\/\/wiesengrund-ev.de\/index.php?rest_route=\/wp\/v2\/posts\/145","targetHints":{"allow":["GET"]}}],"collection":[{"href":"https:\/\/wiesengrund-ev.de\/index.php?rest_route=\/wp\/v2\/posts"}],"about":[{"href":"https:\/\/wiesengrund-ev.de\/index.php?rest_route=\/wp\/v2\/types\/post"}],"author":[{"embeddable":true,"href":"https:\/\/wiesengrund-ev.de\/index.php?rest_route=\/wp\/v2\/users\/1"}],"replies":[{"embeddable":true,"href":"https:\/\/wiesengrund-ev.de\/index.php?rest_route=%2Fwp%2Fv2%2Fcomments&post=145"}],"version-history":[{"count":1,"href":"https:\/\/wiesengrund-ev.de\/index.php?rest_route=\/wp\/v2\/posts\/145\/revisions"}],"predecessor-version":[{"id":146,"href":"https:\/\/wiesengrund-ev.de\/index.php?rest_route=\/wp\/v2\/posts\/145\/revisions\/146"}],"wp:attachment":[{"href":"https:\/\/wiesengrund-ev.de\/index.php?rest_route=%2Fwp%2Fv2%2Fmedia&parent=145"}],"wp:term":[{"taxonomy":"category","embeddable":true,"href":"https:\/\/wiesengrund-ev.de\/index.php?rest_route=%2Fwp%2Fv2%2Fcategories&post=145"},{"taxonomy":"post_tag","embeddable":true,"href":"https:\/\/wiesengrund-ev.de\/index.php?rest_route=%2Fwp%2Fv2%2Ftags&post=145"}],"curies":[{"name":"wp","href":"https:\/\/api.w.org\/{rel}","templated":true}]}}