{"id":143,"date":"2024-10-23T16:00:00","date_gmt":"2024-10-23T14:00:00","guid":{"rendered":"https:\/\/wiesengrund-ev.de\/wp-wiesengrund-ev\/?p=143"},"modified":"2026-03-15T16:59:35","modified_gmt":"2026-03-15T15:59:35","slug":"befahren-der-anlage-verboten","status":"publish","type":"post","link":"https:\/\/wiesengrund-ev.de\/?p=143","title":{"rendered":"Befahren der Anlage verboten"},"content":{"rendered":"\n<p>Achtung! Der kleine Weg n\u00f6rdlich der G\u00e4rten 77 bis 81 wird f\u00fcr das Befahren mit dem Auto\/Transporter etc. ab sofort gesperrt.<\/p>\n\n\n\n<p><\/p>\n\n\n\n<p>Hintergrund sind die Wasserrohrbr\u00fcche, zu welchen es in den letzten Jahren in diesem Bereich mehrfach gekommen ist.<\/p>\n\n\n\n<p><\/p>\n\n\n\n<p>Auch aktuell liegt wieder ein Schaden an der Leitung vor. Das Wasser muss daher bis zur Reparatur abgestellt werden.<\/p>\n\n\n\n<p><\/p>\n\n\n\n<p>Wir bitten um Beachtung und Verst\u00e4ndnis.<\/p>\n\n\n\n<p><\/p>\n","protected":false},"excerpt":{"rendered":"<p>Achtung! Der kleine Weg n\u00f6rdlich der G\u00e4rten 77 bis 81 wird f\u00fcr das Befahren mit dem Auto\/Transporter etc. ab sofort gesperrt. Hintergrund sind die Wasserrohrbr\u00fcche, zu welchen es in den letzten Jahren in diesem Bereich mehrfach gekommen ist. Auch aktuell liegt wieder ein Schaden an der Leitung vor. Das Wasser muss daher bis zur Reparatur [&hellip;]<\/p>\n","protected":false},"author":1,"featured_media":0,"comment_status":"open","ping_status":"open","sticky":false,"template":"","format":"standard","meta":{"footnotes":""},"categories":[1],"tags":[],"class_list":["post-143","post","type-post","status-publish","format-standard","hentry","category-aktuelles"],"_links":{"self":[{"href":"https:\/\/wiesengrund-ev.de\/index.php?rest_route=\/wp\/v2\/posts\/143","targetHints":{"allow":["GET"]}}],"collection":[{"href":"https:\/\/wiesengrund-ev.de\/index.php?rest_route=\/wp\/v2\/posts"}],"about":[{"href":"https:\/\/wiesengrund-ev.de\/index.php?rest_route=\/wp\/v2\/types\/post"}],"author":[{"embeddable":true,"href":"https:\/\/wiesengrund-ev.de\/index.php?rest_route=\/wp\/v2\/users\/1"}],"replies":[{"embeddable":true,"href":"https:\/\/wiesengrund-ev.de\/index.php?rest_route=%2Fwp%2Fv2%2Fcomments&post=143"}],"version-history":[{"count":1,"href":"https:\/\/wiesengrund-ev.de\/index.php?rest_route=\/wp\/v2\/posts\/143\/revisions"}],"predecessor-version":[{"id":144,"href":"https:\/\/wiesengrund-ev.de\/index.php?rest_route=\/wp\/v2\/posts\/143\/revisions\/144"}],"wp:attachment":[{"href":"https:\/\/wiesengrund-ev.de\/index.php?rest_route=%2Fwp%2Fv2%2Fmedia&parent=143"}],"wp:term":[{"taxonomy":"category","embeddable":true,"href":"https:\/\/wiesengrund-ev.de\/index.php?rest_route=%2Fwp%2Fv2%2Fcategories&post=143"},{"taxonomy":"post_tag","embeddable":true,"href":"https:\/\/wiesengrund-ev.de\/index.php?rest_route=%2Fwp%2Fv2%2Ftags&post=143"}],"curies":[{"name":"wp","href":"https:\/\/api.w.org\/{rel}","templated":true}]}}